{"id":8772,"date":"2021-11-22T08:06:58","date_gmt":"2021-11-22T07:06:58","guid":{"rendered":"https:\/\/www.letzfair.com\/blog\/personal-branding-perche-e-essenziale-se-organizzi-eventi\/"},"modified":"2025-11-13T10:23:08","modified_gmt":"2025-11-13T09:23:08","slug":"personal-branding-perche-e-essenziale-se-organizzi-eventi","status":"publish","type":"post","link":"https:\/\/www.letzfair.com\/it\/blog\/personal-branding-perche-e-essenziale-se-organizzi-eventi\/","title":{"rendered":"Personal Branding: perch\u00e9 \u00e8 essenziale se organizzi eventi"},"content":{"rendered":"\n<p>Ogni professionista \u00e8 un marchio a s\u00e9 stante.<br\/>Architetti, medici, avvocati: tutti creano valore per il proprio marchio personale attraverso il proprio lavoro: un progetto ben eseguito, la cura di un paziente o la vittoria di una causa difficile.<\/p>\n\n<p>Se sei un <strong>organizzatore di eventi<\/strong>, vale la stessa logica: un evento di successo migliora la tua <strong>reputazione professionale.<\/strong> <\/p>\n\n<p>Tuttavia, svolgere bene il proprio lavoro non significa automaticamente avere una <strong>strategia di personal branding<\/strong> efficace.<\/p>\n\n<p>Quindi, quando il personal branding \u00e8 importante? Come si pu\u00f2 realizzare in modo efficace? E perch\u00e9 \u00e8 cos\u00ec importante per gli organizzatori di eventi? Scopriamolo.   <\/p>\n\n<h3 class=\"wp-block-heading\"><strong>Cos&#8217;\u00e8 il personal branding?<\/strong><\/h3>\n\n<p>In termini pi\u00f9 accademici, il <strong>Personal Branding<\/strong> pu\u00f2 essere definito come l&#8217;insieme delle strategie utilizzate per promuovere se stessi, le proprie competenze e la propria esperienza.<\/p>\n\n<p>In termini pi\u00f9 pratici, si tratta di \u201c<em>ci\u00f2 che la gente dice di te quando esci dalla stanza<\/em>\u201c.<\/p>\n\n<p>In breve, il personal branding \u00e8 il <strong>marketing applicato alla propria identit\u00e0 professionale.<\/strong><\/p>\n\n<p>Nel settore degli eventi, padroneggiare il personal branding \u00e8 essenziale per <strong>attrarre nuovi clienti<\/strong>, <strong>ampliare la propria rete<\/strong> e <strong>creare un valore duraturo<\/strong> attorno alla propria competenza.<\/p>\n\n<h3 class=\"wp-block-heading\"><strong>Come costruire il tuo personal branding come organizzatore di eventi<\/strong><\/h3>\n\n<p>I vantaggi del <strong>personal branding<\/strong> iniziano con la crescita personale.<br\/>Definire la propria identit\u00e0 professionale significa acquisire maggiore sicurezza, chiarezza e spazio per crescere.<br\/>Nel settore degli eventi, dove le relazioni sono tutto, la comunicazione efficace \u00e8 lo strumento pi\u00f9 efficace.<\/p>\n\n<p>Ecco alcuni passaggi pratici per migliorare il tuo marchio personale:<\/p>\n\n<h4 class=\"wp-block-heading\"><strong>1. Identifica la tua proposta di valore unica<\/strong><\/h4>\n\n<p>Cosa ti distingue dai tuoi colleghi o concorrenti?<br\/>Comprendere i tuoi punti di forza unici ti aiuter\u00e0 a comunicare ci\u00f2 che rende il tuo approccio alla gestione degli eventi diverso e prezioso.<\/p>\n\n<h4 class=\"wp-block-heading\"><strong>2. Non perdere mai un&#8217;opportunit\u00e0 di networking<\/strong><\/h4>\n\n<p>Come organizzatore di eventi, mettere in contatto le persone \u00e8 letteralmente il tuo lavoro.<br\/>Sfrutta ogni occasione, conferenze, fiere e meeting online, per<strong> promuovere il tuo marchio personal<\/strong>e ed espandere la tua rete professionale.<\/p>\n\n<h4 class=\"wp-block-heading\"><strong>3. Metti in mostra la tua competenza<\/strong><\/h4>\n\n<p>Metti in risalto le tue competenze attraverso progetti, storie di successo e testimonianze dei clienti.<br\/>Sii coerente nel mostrare ci\u00f2 che sai fare meglio e come la tua competenza porta risultati.<\/p>\n\n<h4 class=\"wp-block-heading\"><strong>4. Sii un modello di riferimento<\/strong><\/h4>\n\n<p>Non stiamo parlando di servizi fotografici, ma di diventare una fonte di ispirazione.<br\/>Condividi il tuo percorso, le lezioni apprese e le intuizioni per posizionarti come <strong>professionista o mentore di fiducia<\/strong> nel tuo campo.<\/p>\n\n<p>Ricorda: il personal branding non \u00e8 uno sprint, \u00e8 una maratona.<br\/>I risultati non arriveranno dall&#8217;oggi al domani, ma come un maratoneta, ogni passo ti avvicina ai tuoi obiettivi.<br\/>L&#8217;impegno che investi oggi creer\u00e0 il riconoscimento e la fiducia che daranno i loro frutti nel lungo periodo.<\/p>\n\n<h3 class=\"wp-block-heading\"><strong>Quali canali dovresti usare per il personal branding?<\/strong><\/h3>\n\n<p>Non esiste una risposta univoca: i canali giusti dipendono dal tuo pubblico, dai tuoi obiettivi e dal tuo stile di comunicazione.<br\/>Dovrai trovare il giusto equilibrio tra<strong> strategia e autenticit\u00e0.<\/strong><\/p>\n\n<p>Ecco le principali piattaforme da prendere in considerazione per il <strong>personal branding<\/strong> come professionista dell&#8217;organizzazione di eventi:<\/p>\n\n<ul class=\"wp-block-list\" class=\"wp-block-list\">\n<li><strong>LinkedIn<\/strong>: la piattaforma di riferimento per la comunicazione professionale e il networking. Un must per ogni organizzatore di eventi. <\/li>\n\n\n\n<li><strong>Facebook:<\/strong> ottimo per condividere post, foto e brevi articoli. Permette una connessione pi\u00f9 informale ma professionale con il tuo pubblico. <\/li>\n\n\n\n<li><strong>Instagram<\/strong>: perfetto per la narrazione visiva. Usa post, caroselli, storie e reel per mostrare i tuoi eventi e i momenti dietro le quinte. <\/li>\n\n\n\n<li><strong>Sito web, blog e newsletter<\/strong>: questi sono i canali pi\u00f9 flessibili. Condividi le tue esperienze, le novit\u00e0 del settore o gli approfondimenti sugli eventi per entrare in contatto direttamente con la tua community. <\/li>\n\n\n\n<li><strong>YouTube<\/strong>: ideale se ti senti a tuo agio davanti alle telecamere. Condividi la tua routine lavorativa quotidiana, i momenti salienti dei tuoi eventi o le tendenze emergenti del settore. <\/li>\n\n\n\n<li><strong>TikTok<\/strong>: la parola chiave qui \u00e8 <em>immediatezza<\/em>. Crea video brevi e coinvolgenti (meno di un minuto) per condividere suggerimenti rapidi o momenti dei tuoi eventi.<\/li>\n<\/ul>\n\n<h3 class=\"wp-block-heading\"><strong>Conclusioni<\/strong><\/h3>\n\n<p>Come abbiamo visto, il <strong>personal branding<\/strong> \u00e8 un fattore chiave per plasmare la carriera di qualsiasi organizzatore di eventi.<br\/>Costruire la propria identit\u00e0 professionale non solo aumenta la visibilit\u00e0 e la fiducia, ma apre anche nuove opportunit\u00e0 in un mercato competitivo.<\/p>\n\n<p>Ma ricorda: mentre il tuo marchio personale definisce <em>chi sei<\/em>, gli strumenti che utilizzi definiscono <em>fino a che punto puoi arrivare.<\/em><br\/>Scegliere la <strong>piattaforma giusta per eventi<\/strong> pu\u00f2 fare la differenza nel successo dei tuoi progetti.<\/p>\n\n<p>Una piattaforma per eventi completa come LetzFair offre ampie possibilit\u00e0 di personalizzazione e strumenti intelligenti sia per i partecipanti che per gli espositori, aiutandoti a realizzare eventi memorabili e professionali che rafforzeranno la tua reputazione.<\/p>\n\n<p>Pronto a rendere indimenticabile il tuo prossimo evento?<br\/><strong>???? Richiedi oggi stesso una demo gratuita con LetzFair e porta il tuo personal branding a un livello superiore.<\/strong><\/p>\n\n<p><\/p>\n","protected":false},"excerpt":{"rendered":"<p>Ogni professionista \u00e8 un marchio a s\u00e9 stante.Architetti, medici, avvocati: tutti creano valore per il proprio marchio personale attraverso il proprio lavoro: un progetto ben eseguito, la cura di un paziente o la vittoria di una causa difficile. Se sei un&#8230;<\/p>\n","protected":false},"author":2,"featured_media":8774,"comment_status":"closed","ping_status":"open","sticky":false,"template":"","format":"standard","meta":{"_acf_changed":false,"footnotes":""},"categories":[12],"tags":[],"class_list":["post-8772","post","type-post","status-publish","format-standard","has-post-thumbnail","hentry","category-senza-categoria"],"acf":[],"yoast_head":"<!-- This site is optimized with the Yoast SEO plugin v27.4 - https:\/\/yoast.com\/product\/yoast-seo-wordpress\/ -->\n<title>Personal Branding: perch\u00e9 \u00e8 essenziale se organizzi eventi - LetzFair<\/title>\n<meta name=\"description\" content=\"Fare presonal branding nel mondo degli eventi \u00e8 molto sottovalutato ma \u00e8 un&#039;attivit\u00e0 che pu\u00f2 portare sicuramente ingenti vantaggi\" \/>\n<meta name=\"robots\" content=\"index, follow, max-snippet:-1, max-image-preview:large, max-video-preview:-1\" \/>\n<link rel=\"canonical\" href=\"https:\/\/www.letzfair.com\/it\/blog\/personal-branding-perche-e-essenziale-se-organizzi-eventi\/\" \/>\n<meta property=\"og:locale\" content=\"it_IT\" \/>\n<meta property=\"og:type\" content=\"article\" \/>\n<meta property=\"og:title\" content=\"Personal Branding: perch\u00e9 \u00e8 importante se organizzi eventi\" \/>\n<meta property=\"og:description\" content=\"Fare presonal branding nel mondo degli eventi \u00e8 molto sottovalutato ma \u00e8 un&#039;attivit\u00e0 che pu\u00f2 portare sicuramente ingenti vantaggi\" \/>\n<meta property=\"og:url\" content=\"https:\/\/www.letzfair.com\/it\/blog\/personal-branding-perche-e-essenziale-se-organizzi-eventi\/\" \/>\n<meta property=\"og:site_name\" content=\"LetzFair\" \/>\n<meta property=\"article:publisher\" content=\"https:\/\/www.facebook.com\/letzfair.it\" \/>\n<meta property=\"article:published_time\" content=\"2021-11-22T07:06:58+00:00\" \/>\n<meta property=\"article:modified_time\" content=\"2025-11-13T09:23:08+00:00\" \/>\n<meta property=\"og:image\" content=\"https:\/\/www.letzfair.com\/wp-content\/uploads\/2021\/11\/massage-what-makes-you-unique-over-dartboard-background-scaled.jpg\" \/>\n<meta name=\"author\" content=\"LetzFair\" \/>\n<meta name=\"twitter:card\" content=\"summary_large_image\" \/>\n<meta name=\"twitter:title\" content=\"Personal Branding: perch\u00e9 \u00e8 importante se organizzi eventi\" \/>\n<meta name=\"twitter:description\" content=\"Fare presonal branding nel mondo degli eventi \u00e8 molto sottovalutato ma \u00e8 un&#039;attivit\u00e0 che pu\u00f2 portare sicuramente ingenti vantaggi\" \/>\n<meta name=\"twitter:image\" content=\"https:\/\/www.letzfair.com\/wp-content\/uploads\/2021\/11\/massage-what-makes-you-unique-over-dartboard-background-scaled.jpg\" \/>\n<meta name=\"twitter:label1\" content=\"Scritto da\" \/>\n\t<meta name=\"twitter:data1\" content=\"LetzFair\" \/>\n\t<meta name=\"twitter:label2\" content=\"Tempo di lettura stimato\" \/>\n\t<meta name=\"twitter:data2\" content=\"4 minuti\" \/>\n<script type=\"application\/ld+json\" class=\"yoast-schema-graph\">{\"@context\":\"https:\\\/\\\/schema.org\",\"@graph\":[{\"@type\":\"Article\",\"@id\":\"https:\\\/\\\/www.letzfair.com\\\/it\\\/blog\\\/personal-branding-perche-e-essenziale-se-organizzi-eventi\\\/#article\",\"isPartOf\":{\"@id\":\"https:\\\/\\\/www.letzfair.com\\\/it\\\/blog\\\/personal-branding-perche-e-essenziale-se-organizzi-eventi\\\/\"},\"author\":{\"name\":\"LetzFair\",\"@id\":\"https:\\\/\\\/www.letzfair.com\\\/it\\\/#\\\/schema\\\/person\\\/0272c6479a643ed4f2c265c0237fa9e1\"},\"headline\":\"Personal Branding: perch\u00e9 \u00e8 essenziale se organizzi eventi\",\"datePublished\":\"2021-11-22T07:06:58+00:00\",\"dateModified\":\"2025-11-13T09:23:08+00:00\",\"mainEntityOfPage\":{\"@id\":\"https:\\\/\\\/www.letzfair.com\\\/it\\\/blog\\\/personal-branding-perche-e-essenziale-se-organizzi-eventi\\\/\"},\"wordCount\":794,\"publisher\":{\"@id\":\"https:\\\/\\\/www.letzfair.com\\\/it\\\/#organization\"},\"image\":{\"@id\":\"https:\\\/\\\/www.letzfair.com\\\/it\\\/blog\\\/personal-branding-perche-e-essenziale-se-organizzi-eventi\\\/#primaryimage\"},\"thumbnailUrl\":\"https:\\\/\\\/www.letzfair.com\\\/wp-content\\\/uploads\\\/2021\\\/11\\\/Personal-Branding-Why-Its-Essential-If-You-Organize-Events.png\",\"inLanguage\":\"it-IT\"},{\"@type\":\"WebPage\",\"@id\":\"https:\\\/\\\/www.letzfair.com\\\/it\\\/blog\\\/personal-branding-perche-e-essenziale-se-organizzi-eventi\\\/\",\"url\":\"https:\\\/\\\/www.letzfair.com\\\/it\\\/blog\\\/personal-branding-perche-e-essenziale-se-organizzi-eventi\\\/\",\"name\":\"Personal Branding: perch\u00e9 \u00e8 essenziale se organizzi eventi - LetzFair\",\"isPartOf\":{\"@id\":\"https:\\\/\\\/www.letzfair.com\\\/it\\\/#website\"},\"primaryImageOfPage\":{\"@id\":\"https:\\\/\\\/www.letzfair.com\\\/it\\\/blog\\\/personal-branding-perche-e-essenziale-se-organizzi-eventi\\\/#primaryimage\"},\"image\":{\"@id\":\"https:\\\/\\\/www.letzfair.com\\\/it\\\/blog\\\/personal-branding-perche-e-essenziale-se-organizzi-eventi\\\/#primaryimage\"},\"thumbnailUrl\":\"https:\\\/\\\/www.letzfair.com\\\/wp-content\\\/uploads\\\/2021\\\/11\\\/Personal-Branding-Why-Its-Essential-If-You-Organize-Events.png\",\"datePublished\":\"2021-11-22T07:06:58+00:00\",\"dateModified\":\"2025-11-13T09:23:08+00:00\",\"description\":\"Fare presonal branding nel mondo degli eventi \u00e8 molto sottovalutato ma \u00e8 un'attivit\u00e0 che pu\u00f2 portare sicuramente ingenti vantaggi\",\"breadcrumb\":{\"@id\":\"https:\\\/\\\/www.letzfair.com\\\/it\\\/blog\\\/personal-branding-perche-e-essenziale-se-organizzi-eventi\\\/#breadcrumb\"},\"inLanguage\":\"it-IT\",\"potentialAction\":[{\"@type\":\"ReadAction\",\"target\":[\"https:\\\/\\\/www.letzfair.com\\\/it\\\/blog\\\/personal-branding-perche-e-essenziale-se-organizzi-eventi\\\/\"]}]},{\"@type\":\"ImageObject\",\"inLanguage\":\"it-IT\",\"@id\":\"https:\\\/\\\/www.letzfair.com\\\/it\\\/blog\\\/personal-branding-perche-e-essenziale-se-organizzi-eventi\\\/#primaryimage\",\"url\":\"https:\\\/\\\/www.letzfair.com\\\/wp-content\\\/uploads\\\/2021\\\/11\\\/Personal-Branding-Why-Its-Essential-If-You-Organize-Events.png\",\"contentUrl\":\"https:\\\/\\\/www.letzfair.com\\\/wp-content\\\/uploads\\\/2021\\\/11\\\/Personal-Branding-Why-Its-Essential-If-You-Organize-Events.png\",\"width\":978,\"height\":638},{\"@type\":\"BreadcrumbList\",\"@id\":\"https:\\\/\\\/www.letzfair.com\\\/it\\\/blog\\\/personal-branding-perche-e-essenziale-se-organizzi-eventi\\\/#breadcrumb\",\"itemListElement\":[{\"@type\":\"ListItem\",\"position\":1,\"name\":\"Home\",\"item\":\"https:\\\/\\\/www.letzfair.com\\\/it\\\/home\\\/\"},{\"@type\":\"ListItem\",\"position\":2,\"name\":\"Personal Branding: perch\u00e9 \u00e8 essenziale se organizzi eventi\"}]},{\"@type\":\"WebSite\",\"@id\":\"https:\\\/\\\/www.letzfair.com\\\/it\\\/#website\",\"url\":\"https:\\\/\\\/www.letzfair.com\\\/it\\\/\",\"name\":\"LetzFair\",\"description\":\"\",\"publisher\":{\"@id\":\"https:\\\/\\\/www.letzfair.com\\\/it\\\/#organization\"},\"potentialAction\":[{\"@type\":\"SearchAction\",\"target\":{\"@type\":\"EntryPoint\",\"urlTemplate\":\"https:\\\/\\\/www.letzfair.com\\\/it\\\/?s={search_term_string}\"},\"query-input\":{\"@type\":\"PropertyValueSpecification\",\"valueRequired\":true,\"valueName\":\"search_term_string\"}}],\"inLanguage\":\"it-IT\"},{\"@type\":\"Organization\",\"@id\":\"https:\\\/\\\/www.letzfair.com\\\/it\\\/#organization\",\"name\":\"LetzFair\",\"url\":\"https:\\\/\\\/www.letzfair.com\\\/it\\\/\",\"logo\":{\"@type\":\"ImageObject\",\"inLanguage\":\"it-IT\",\"@id\":\"https:\\\/\\\/www.letzfair.com\\\/it\\\/#\\\/schema\\\/logo\\\/image\\\/\",\"url\":\"https:\\\/\\\/www.letzfair.com\\\/wp-content\\\/uploads\\\/2025\\\/12\\\/Logo-payoff_rgb.ai_.png\",\"contentUrl\":\"https:\\\/\\\/www.letzfair.com\\\/wp-content\\\/uploads\\\/2025\\\/12\\\/Logo-payoff_rgb.ai_.png\",\"width\":2000,\"height\":846,\"caption\":\"LetzFair\"},\"image\":{\"@id\":\"https:\\\/\\\/www.letzfair.com\\\/it\\\/#\\\/schema\\\/logo\\\/image\\\/\"},\"sameAs\":[\"https:\\\/\\\/www.facebook.com\\\/letzfair.it\",\"https:\\\/\\\/www.linkedin.com\\\/company\\\/27161023\\\/\",\"https:\\\/\\\/www.instagram.com\\\/letzfair\\\/\"]},{\"@type\":\"Person\",\"@id\":\"https:\\\/\\\/www.letzfair.com\\\/it\\\/#\\\/schema\\\/person\\\/0272c6479a643ed4f2c265c0237fa9e1\",\"name\":\"LetzFair\",\"image\":{\"@type\":\"ImageObject\",\"inLanguage\":\"it-IT\",\"@id\":\"https:\\\/\\\/secure.gravatar.com\\\/avatar\\\/ded1d49f8e5277ed728c33e70a52873892e5c2227fb863333cd0f39c056a6d2d?s=96&d=mm&r=g\",\"url\":\"https:\\\/\\\/secure.gravatar.com\\\/avatar\\\/ded1d49f8e5277ed728c33e70a52873892e5c2227fb863333cd0f39c056a6d2d?s=96&d=mm&r=g\",\"contentUrl\":\"https:\\\/\\\/secure.gravatar.com\\\/avatar\\\/ded1d49f8e5277ed728c33e70a52873892e5c2227fb863333cd0f39c056a6d2d?s=96&d=mm&r=g\",\"caption\":\"LetzFair\"},\"url\":\"https:\\\/\\\/www.letzfair.com\\\/it\\\/blog\\\/author\\\/letzfair\\\/\"}]}<\/script>\n<!-- \/ Yoast SEO plugin. -->","yoast_head_json":{"title":"Personal Branding: perch\u00e9 \u00e8 essenziale se organizzi eventi - LetzFair","description":"Fare presonal branding nel mondo degli eventi \u00e8 molto sottovalutato ma \u00e8 un'attivit\u00e0 che pu\u00f2 portare sicuramente ingenti vantaggi","robots":{"index":"index","follow":"follow","max-snippet":"max-snippet:-1","max-image-preview":"max-image-preview:large","max-video-preview":"max-video-preview:-1"},"canonical":"https:\/\/www.letzfair.com\/it\/blog\/personal-branding-perche-e-essenziale-se-organizzi-eventi\/","og_locale":"it_IT","og_type":"article","og_title":"Personal Branding: perch\u00e9 \u00e8 importante se organizzi eventi","og_description":"Fare presonal branding nel mondo degli eventi \u00e8 molto sottovalutato ma \u00e8 un'attivit\u00e0 che pu\u00f2 portare sicuramente ingenti vantaggi","og_url":"https:\/\/www.letzfair.com\/it\/blog\/personal-branding-perche-e-essenziale-se-organizzi-eventi\/","og_site_name":"LetzFair","article_publisher":"https:\/\/www.facebook.com\/letzfair.it","article_published_time":"2021-11-22T07:06:58+00:00","article_modified_time":"2025-11-13T09:23:08+00:00","og_image":[{"url":"https:\/\/www.letzfair.com\/wp-content\/uploads\/2021\/11\/massage-what-makes-you-unique-over-dartboard-background-scaled.jpg","type":"","width":"","height":""}],"author":"LetzFair","twitter_card":"summary_large_image","twitter_title":"Personal Branding: perch\u00e9 \u00e8 importante se organizzi eventi","twitter_description":"Fare presonal branding nel mondo degli eventi \u00e8 molto sottovalutato ma \u00e8 un'attivit\u00e0 che pu\u00f2 portare sicuramente ingenti vantaggi","twitter_image":"https:\/\/www.letzfair.com\/wp-content\/uploads\/2021\/11\/massage-what-makes-you-unique-over-dartboard-background-scaled.jpg","twitter_misc":{"Scritto da":"LetzFair","Tempo di lettura stimato":"4 minuti"},"schema":{"@context":"https:\/\/schema.org","@graph":[{"@type":"Article","@id":"https:\/\/www.letzfair.com\/it\/blog\/personal-branding-perche-e-essenziale-se-organizzi-eventi\/#article","isPartOf":{"@id":"https:\/\/www.letzfair.com\/it\/blog\/personal-branding-perche-e-essenziale-se-organizzi-eventi\/"},"author":{"name":"LetzFair","@id":"https:\/\/www.letzfair.com\/it\/#\/schema\/person\/0272c6479a643ed4f2c265c0237fa9e1"},"headline":"Personal Branding: perch\u00e9 \u00e8 essenziale se organizzi eventi","datePublished":"2021-11-22T07:06:58+00:00","dateModified":"2025-11-13T09:23:08+00:00","mainEntityOfPage":{"@id":"https:\/\/www.letzfair.com\/it\/blog\/personal-branding-perche-e-essenziale-se-organizzi-eventi\/"},"wordCount":794,"publisher":{"@id":"https:\/\/www.letzfair.com\/it\/#organization"},"image":{"@id":"https:\/\/www.letzfair.com\/it\/blog\/personal-branding-perche-e-essenziale-se-organizzi-eventi\/#primaryimage"},"thumbnailUrl":"https:\/\/www.letzfair.com\/wp-content\/uploads\/2021\/11\/Personal-Branding-Why-Its-Essential-If-You-Organize-Events.png","inLanguage":"it-IT"},{"@type":"WebPage","@id":"https:\/\/www.letzfair.com\/it\/blog\/personal-branding-perche-e-essenziale-se-organizzi-eventi\/","url":"https:\/\/www.letzfair.com\/it\/blog\/personal-branding-perche-e-essenziale-se-organizzi-eventi\/","name":"Personal Branding: perch\u00e9 \u00e8 essenziale se organizzi eventi - LetzFair","isPartOf":{"@id":"https:\/\/www.letzfair.com\/it\/#website"},"primaryImageOfPage":{"@id":"https:\/\/www.letzfair.com\/it\/blog\/personal-branding-perche-e-essenziale-se-organizzi-eventi\/#primaryimage"},"image":{"@id":"https:\/\/www.letzfair.com\/it\/blog\/personal-branding-perche-e-essenziale-se-organizzi-eventi\/#primaryimage"},"thumbnailUrl":"https:\/\/www.letzfair.com\/wp-content\/uploads\/2021\/11\/Personal-Branding-Why-Its-Essential-If-You-Organize-Events.png","datePublished":"2021-11-22T07:06:58+00:00","dateModified":"2025-11-13T09:23:08+00:00","description":"Fare presonal branding nel mondo degli eventi \u00e8 molto sottovalutato ma \u00e8 un'attivit\u00e0 che pu\u00f2 portare sicuramente ingenti vantaggi","breadcrumb":{"@id":"https:\/\/www.letzfair.com\/it\/blog\/personal-branding-perche-e-essenziale-se-organizzi-eventi\/#breadcrumb"},"inLanguage":"it-IT","potentialAction":[{"@type":"ReadAction","target":["https:\/\/www.letzfair.com\/it\/blog\/personal-branding-perche-e-essenziale-se-organizzi-eventi\/"]}]},{"@type":"ImageObject","inLanguage":"it-IT","@id":"https:\/\/www.letzfair.com\/it\/blog\/personal-branding-perche-e-essenziale-se-organizzi-eventi\/#primaryimage","url":"https:\/\/www.letzfair.com\/wp-content\/uploads\/2021\/11\/Personal-Branding-Why-Its-Essential-If-You-Organize-Events.png","contentUrl":"https:\/\/www.letzfair.com\/wp-content\/uploads\/2021\/11\/Personal-Branding-Why-Its-Essential-If-You-Organize-Events.png","width":978,"height":638},{"@type":"BreadcrumbList","@id":"https:\/\/www.letzfair.com\/it\/blog\/personal-branding-perche-e-essenziale-se-organizzi-eventi\/#breadcrumb","itemListElement":[{"@type":"ListItem","position":1,"name":"Home","item":"https:\/\/www.letzfair.com\/it\/home\/"},{"@type":"ListItem","position":2,"name":"Personal Branding: perch\u00e9 \u00e8 essenziale se organizzi eventi"}]},{"@type":"WebSite","@id":"https:\/\/www.letzfair.com\/it\/#website","url":"https:\/\/www.letzfair.com\/it\/","name":"LetzFair","description":"","publisher":{"@id":"https:\/\/www.letzfair.com\/it\/#organization"},"potentialAction":[{"@type":"SearchAction","target":{"@type":"EntryPoint","urlTemplate":"https:\/\/www.letzfair.com\/it\/?s={search_term_string}"},"query-input":{"@type":"PropertyValueSpecification","valueRequired":true,"valueName":"search_term_string"}}],"inLanguage":"it-IT"},{"@type":"Organization","@id":"https:\/\/www.letzfair.com\/it\/#organization","name":"LetzFair","url":"https:\/\/www.letzfair.com\/it\/","logo":{"@type":"ImageObject","inLanguage":"it-IT","@id":"https:\/\/www.letzfair.com\/it\/#\/schema\/logo\/image\/","url":"https:\/\/www.letzfair.com\/wp-content\/uploads\/2025\/12\/Logo-payoff_rgb.ai_.png","contentUrl":"https:\/\/www.letzfair.com\/wp-content\/uploads\/2025\/12\/Logo-payoff_rgb.ai_.png","width":2000,"height":846,"caption":"LetzFair"},"image":{"@id":"https:\/\/www.letzfair.com\/it\/#\/schema\/logo\/image\/"},"sameAs":["https:\/\/www.facebook.com\/letzfair.it","https:\/\/www.linkedin.com\/company\/27161023\/","https:\/\/www.instagram.com\/letzfair\/"]},{"@type":"Person","@id":"https:\/\/www.letzfair.com\/it\/#\/schema\/person\/0272c6479a643ed4f2c265c0237fa9e1","name":"LetzFair","image":{"@type":"ImageObject","inLanguage":"it-IT","@id":"https:\/\/secure.gravatar.com\/avatar\/ded1d49f8e5277ed728c33e70a52873892e5c2227fb863333cd0f39c056a6d2d?s=96&d=mm&r=g","url":"https:\/\/secure.gravatar.com\/avatar\/ded1d49f8e5277ed728c33e70a52873892e5c2227fb863333cd0f39c056a6d2d?s=96&d=mm&r=g","contentUrl":"https:\/\/secure.gravatar.com\/avatar\/ded1d49f8e5277ed728c33e70a52873892e5c2227fb863333cd0f39c056a6d2d?s=96&d=mm&r=g","caption":"LetzFair"},"url":"https:\/\/www.letzfair.com\/it\/blog\/author\/letzfair\/"}]}},"_links":{"self":[{"href":"https:\/\/www.letzfair.com\/it\/wp-json\/wp\/v2\/posts\/8772","targetHints":{"allow":["GET"]}}],"collection":[{"href":"https:\/\/www.letzfair.com\/it\/wp-json\/wp\/v2\/posts"}],"about":[{"href":"https:\/\/www.letzfair.com\/it\/wp-json\/wp\/v2\/types\/post"}],"author":[{"embeddable":true,"href":"https:\/\/www.letzfair.com\/it\/wp-json\/wp\/v2\/users\/2"}],"replies":[{"embeddable":true,"href":"https:\/\/www.letzfair.com\/it\/wp-json\/wp\/v2\/comments?post=8772"}],"version-history":[{"count":1,"href":"https:\/\/www.letzfair.com\/it\/wp-json\/wp\/v2\/posts\/8772\/revisions"}],"predecessor-version":[{"id":8775,"href":"https:\/\/www.letzfair.com\/it\/wp-json\/wp\/v2\/posts\/8772\/revisions\/8775"}],"wp:featuredmedia":[{"embeddable":true,"href":"https:\/\/www.letzfair.com\/it\/wp-json\/wp\/v2\/media\/8774"}],"wp:attachment":[{"href":"https:\/\/www.letzfair.com\/it\/wp-json\/wp\/v2\/media?parent=8772"}],"wp:term":[{"taxonomy":"category","embeddable":true,"href":"https:\/\/www.letzfair.com\/it\/wp-json\/wp\/v2\/categories?post=8772"},{"taxonomy":"post_tag","embeddable":true,"href":"https:\/\/www.letzfair.com\/it\/wp-json\/wp\/v2\/tags?post=8772"}],"curies":[{"name":"wp","href":"https:\/\/api.w.org\/{rel}","templated":true}]}}